{"id":2479,"date":"2024-09-26T11:57:53","date_gmt":"2024-09-26T11:57:53","guid":{"rendered":"https:\/\/primorcosmetics.com\/?p=2479"},"modified":"2024-09-26T13:03:40","modified_gmt":"2024-09-26T13:03:40","slug":"marketing-es-sales-gyakornok-nemzetkozi-csapat","status":"publish","type":"post","link":"https:\/\/primorcosmetics.com\/hu\/marketing-es-sales-gyakornok-nemzetkozi-csapat\/","title":{"rendered":"MARKETING \u00c9S SALES GYAKORNOK\u2013 NEMZETK\u00d6ZI CSAPAT"},"content":{"rendered":"\t\t<div data-elementor-type=\"wp-post\" data-elementor-id=\"2479\" class=\"elementor elementor-2479\" data-elementor-post-type=\"post\">\n\t\t\t\t\t\t<section class=\"elementor-section elementor-top-section elementor-element elementor-element-94d24b0 elementor-section-boxed elementor-section-height-default elementor-section-height-default\" data-id=\"94d24b0\" data-element_type=\"section\">\n\t\t\t\t\t\t<div class=\"elementor-container elementor-column-gap-default\">\n\t\t\t\t\t<div class=\"elementor-column elementor-col-100 elementor-top-column elementor-element elementor-element-53ec4bd\" data-id=\"53ec4bd\" data-element_type=\"column\">\n\t\t\t<div class=\"elementor-widget-wrap elementor-element-populated\">\n\t\t\t\t\t\t<div class=\"elementor-element elementor-element-34343c0 elementor-widget elementor-widget-spacer\" data-id=\"34343c0\" data-element_type=\"widget\" data-widget_type=\"spacer.default\">\n\t\t\t\t<div class=\"elementor-widget-container\">\n\t\t\t\t\t\t\t<div class=\"elementor-spacer\">\n\t\t\t<div class=\"elementor-spacer-inner\"><\/div>\n\t\t<\/div>\n\t\t\t\t\t\t<\/div>\n\t\t\t\t<\/div>\n\t\t\t\t\t<\/div>\n\t\t<\/div>\n\t\t\t\t\t<\/div>\n\t\t<\/section>\n\t\t\t\t<section class=\"elementor-section elementor-top-section elementor-element elementor-element-e58f1b6 elementor-section-boxed elementor-section-height-default elementor-section-height-default\" data-id=\"e58f1b6\" data-element_type=\"section\">\n\t\t\t\t\t\t<div class=\"elementor-container elementor-column-gap-default\">\n\t\t\t\t\t<div class=\"elementor-column elementor-col-100 elementor-top-column elementor-element elementor-element-0472ada\" data-id=\"0472ada\" data-element_type=\"column\">\n\t\t\t<div class=\"elementor-widget-wrap elementor-element-populated\">\n\t\t\t\t\t\t<div class=\"elementor-element elementor-element-cfb52f2 elementor-widget elementor-widget-spacer\" data-id=\"cfb52f2\" data-element_type=\"widget\" data-widget_type=\"spacer.default\">\n\t\t\t\t<div class=\"elementor-widget-container\">\n\t\t\t\t\t\t\t<div class=\"elementor-spacer\">\n\t\t\t<div class=\"elementor-spacer-inner\"><\/div>\n\t\t<\/div>\n\t\t\t\t\t\t<\/div>\n\t\t\t\t<\/div>\n\t\t\t\t\t<\/div>\n\t\t<\/div>\n\t\t\t\t\t<\/div>\n\t\t<\/section>\n\t\t\t\t<section class=\"elementor-section elementor-top-section elementor-element elementor-element-82be216 elementor-section-boxed elementor-section-height-default elementor-section-height-default\" data-id=\"82be216\" data-element_type=\"section\">\n\t\t\t\t\t\t<div class=\"elementor-container elementor-column-gap-default\">\n\t\t\t\t\t<div class=\"elementor-column elementor-col-100 elementor-top-column elementor-element elementor-element-273a0cd\" data-id=\"273a0cd\" data-element_type=\"column\">\n\t\t\t<div class=\"elementor-widget-wrap elementor-element-populated\">\n\t\t\t\t\t\t<div class=\"elementor-element elementor-element-76fc5ea elementor-widget elementor-widget-heading\" data-id=\"76fc5ea\" data-element_type=\"widget\" data-widget_type=\"heading.default\">\n\t\t\t\t<div class=\"elementor-widget-container\">\n\t\t\t\t\t<h2 class=\"elementor-heading-title elementor-size-default\">MARKETING \u00c9S SALES GYAKORNOK \u2013 NEMZETK\u00d6ZI CSAPAT<\/h2>\t\t\t\t<\/div>\n\t\t\t\t<\/div>\n\t\t\t\t\t<\/div>\n\t\t<\/div>\n\t\t\t\t\t<\/div>\n\t\t<\/section>\n\t\t\t\t<section class=\"elementor-section elementor-top-section elementor-element elementor-element-35fc44e elementor-section-boxed elementor-section-height-default elementor-section-height-default\" data-id=\"35fc44e\" data-element_type=\"section\">\n\t\t\t\t\t\t<div class=\"elementor-container elementor-column-gap-default\">\n\t\t\t\t\t<div class=\"elementor-column elementor-col-100 elementor-top-column elementor-element elementor-element-4e96521\" data-id=\"4e96521\" data-element_type=\"column\">\n\t\t\t<div class=\"elementor-widget-wrap elementor-element-populated\">\n\t\t\t\t\t\t<div class=\"elementor-element elementor-element-f5d878b elementor-widget elementor-widget-text-editor\" data-id=\"f5d878b\" data-element_type=\"widget\" data-widget_type=\"text-editor.default\">\n\t\t\t\t<div class=\"elementor-widget-container\">\n\t\t\t\t\t\t\t\t\t<p><strong>FELADATOK<\/strong><\/p><ul><li>Kereskedelmi riportok, kimutat\u00e1sok, statisztik\u00e1k k\u00e9sz\u00edt\u00e9se, elemz\u00e9se<\/li><li>Adminisztrat\u00edv feladatok elv\u00e9gz\u00e9se, mint p\u00e9ld\u00e1ul: belist\u00e1z\u00e1si adminisztr\u00e1ci\u00f3, k\u00e9szletfigyel\u00e9s, \u00e1rlista friss\u00edt\u00e9s<\/li><li>Projektekben val\u00f3 akt\u00edv r\u00e9szv\u00e9tel \u2013 folyamatok aktualiz\u00e1l\u00e1sa, projektc\u00e9lok megval\u00f3s\u00edt\u00e1s\u00e1hoz sz\u00fcks\u00e9ges h\u00e1tt\u00e9ranyagok el\u0151k\u00e9sz\u00edt\u00e9se<\/li><li>A projektterv r\u00e9szek\u00e9nt az \u00e9rt\u00e9kes\u00edt\u00e9si \u00e9s marketing terv elk\u00e9sz\u00edt\u00e9s\u00e9ben, k\u00e9s\u0151bb ak\u00e1r kivitelez\u00e9s\u00e9ben akt\u00edv r\u00e9szv\u00e9tel<\/li><li>Sales, Trade Marketing csapatok munk\u00e1j\u00e1nak t\u00e1mogat\u00e1sa<\/li><li>Prom\u00f3ci\u00f3s anyagok, prezent\u00e1ci\u00f3k k\u00e9sz\u00edt\u00e9s\u00e9ben val\u00f3 r\u00e9szv\u00e9tel<\/li><li>\u00daj term\u00e9kbevezet\u00e9sekhez k\u00f6t\u0151d\u0151 marketing anyagok el\u0151k\u00e9sz\u00edt\u00e9se<\/li><li>Kapcsolattart\u00e1s a t\u00e1rsoszt\u00e1lyokkal (p\u00e9nz\u00fcgy, logisztika)<\/li><\/ul><p>\u00a0<\/p><p><strong>ELV\u00c1R\u00c1SOK<\/strong><\/p><ul><li>Fels\u0151fok\u00fa kereskedelmi vagy marketing szakon folyamatban l\u00e9v\u0151 tanulm\u00e1nyok (nappali tagozatos hallgat\u00f3i jogviszony)<\/li><li>Angol nyelv akt\u00edv k\u00f6z\u00e9pfok\u00fa ismerete sz\u00f3ban \u00e9s \u00edr\u00e1sban<\/li><li>Office csomag felhaszn\u00e1l\u00f3i szint\u0171 ismerete, kifejezetten j\u00f3 Excel \u00e9s Power Point alkalmaz\u00e1si ismeretek<\/li><li>Er\u0151s analitikus k\u00e9szs\u00e9g<\/li><li>Proaktivit\u00e1s, er\u0151s kommunik\u00e1ci\u00f3s k\u00e9szs\u00e9g<\/li><li>\u00d6n\u00e1ll\u00f3, pontos, prec\u00edz munkav\u00e9gz\u00e9sre val\u00f3 k\u00e9pess\u00e9g<\/li><li>Nyitott, c\u00e9ltudatos, rugalmas, csapatj\u00e1t\u00e9kos szem\u00e9lyis\u00e9g<\/li><li>Fejl\u0151d\u00e9s, tanul\u00e1s ir\u00e1nti ig\u00e9ny<\/li><li>Kiv\u00e1l\u00f3 kommunik\u00e1ci\u00f3s \u00e9s probl\u00e9mamegold\u00f3 k\u00e9pess\u00e9g<\/li><li>Remek szervez\u0151k\u00e9szs\u00e9g<\/li><\/ul><p>\u00a0<\/p><p><strong>EL\u0150NYK\u00c9NT SZOLG\u00c1L<\/strong><\/p><ul><li>Projektmenedzsment k\u00e9szs\u00e9gek<\/li><li>Excelben val\u00f3 j\u00e1rtass\u00e1g<\/li><li>Er\u0151s analitikus k\u00e9szs\u00e9g<\/li><li>Magasfok\u00fa precizit\u00e1s<\/li><li>Sales vagy marketing ter\u00fcleten szerzett munkatapasztalat<\/li><li>N\u00e9met nyelv C2 szint\u0171 ismerete<\/li><li>Kozmetikumok ir\u00e1nti \u00e9rdekl\u0151d\u00e9s<\/li><\/ul><p>\u00a0<\/p><p><strong>AMIT K\u00cdN\u00c1LUNK<\/strong><\/p><ul><li>Fizetett gyakornoki poz\u00edci\u00f3<\/li><li>Szakmai kih\u00edv\u00e1sokkal teli munka, izgalmas feladatok<\/li><li>T\u00f6bb mint 30 \u00e9ves, stabil v\u00e1llalati h\u00e1tt\u00e9r, dinamikusan fejl\u0151d\u0151 piacokon val\u00f3 r\u00e9szv\u00e9tel<\/li><li>Egy\u00fcttm\u0171k\u00f6d\u0151, fiatalos, t\u00e1mogat\u00f3, seg\u00edt\u0151k\u00e9sz nemzetk\u00f6zi csapat<\/li><li>Mentor\u00e1l\u00e1si program nemzetk\u00f6zi vezet\u0151kt\u0151l<\/li><li>Rugalmas munkak\u00f6rnyezet, 100% Home office munkalehet\u0151s\u00e9g (vagy ak\u00e1r budapesti irod\u00e1nkb\u00f3l is dolgozhatsz)<\/li><li>Rugalmas munkaid\u0151 \u2013 el\u0151zetesen egyeztetett id\u0151pontokban, heti kb. 20 \u00f3ra (de enn\u00e9l lehet t\u00f6bb is kapacit\u00e1s eset\u00e9n)<\/li><li>Szakmai fejl\u0151d\u00e9si lehet\u0151s\u00e9g<\/li><li>Karrier\u00e9p\u00edt\u00e9s nemzetk\u00f6zi szinten<\/li><li>Szakmai gyakorlat leigazol\u00e1sa<\/li><li>K\u00f6z\u00f6ss\u00e9gi \u00e9lm\u00e9nyek: r\u00e9szv\u00e9teli lehet\u0151s\u00e9g c\u00e9ges rendezv\u00e9nyeken \u00e9s csapat\u00e9p\u00edt\u0151k\u00f6n<\/li><li>Azonnali kezd\u00e9s<\/li><\/ul><p>\u00a0<\/p><p>V\u00e1rjuk \u00f6n\u00e9letrajzod a career@primorcosmetics.com e-mail c\u00edmen.<\/p><p>Prim\u0151r Kozmetikai Kft.<\/p>\t\t\t\t\t\t\t\t<\/div>\n\t\t\t\t<\/div>\n\t\t\t\t\t<\/div>\n\t\t<\/div>\n\t\t\t\t\t<\/div>\n\t\t<\/section>\n\t\t\t\t<\/div>\n\t\t","protected":false},"excerpt":{"rendered":"<p>MARKETING \u00c9S SALES GYAKORNOK \u2013 NEMZETK\u00d6ZI CSAPAT FELADATOK Kereskedelmi riportok, kimutat\u00e1sok, statisztik\u00e1k k\u00e9sz\u00edt\u00e9se, elemz\u00e9se Adminisztrat\u00edv feladatok elv\u00e9gz\u00e9se, mint p\u00e9ld\u00e1ul: belist\u00e1z\u00e1si adminisztr\u00e1ci\u00f3, k\u00e9szletfigyel\u00e9s, \u00e1rlista friss\u00edt\u00e9s Projektekben val\u00f3 akt\u00edv r\u00e9szv\u00e9tel \u2013 folyamatok aktualiz\u00e1l\u00e1sa, projektc\u00e9lok megval\u00f3s\u00edt\u00e1s\u00e1hoz sz\u00fcks\u00e9ges h\u00e1tt\u00e9ranyagok el\u0151k\u00e9sz\u00edt\u00e9se A projektterv r\u00e9szek\u00e9nt az \u00e9rt\u00e9kes\u00edt\u00e9si \u00e9s marketing terv elk\u00e9sz\u00edt\u00e9s\u00e9ben, k\u00e9s\u0151bb ak\u00e1r kivitelez\u00e9s\u00e9ben akt\u00edv r\u00e9szv\u00e9tel Sales, Trade Marketing csapatok munk\u00e1j\u00e1nak [&hellip;]<\/p>\n","protected":false},"author":2,"featured_media":2489,"comment_status":"open","ping_status":"open","sticky":false,"template":"","format":"standard","meta":{"footnotes":""},"categories":[43],"tags":[],"class_list":["post-2479","post","type-post","status-publish","format-standard","has-post-thumbnail","hentry","category-uncategorized-hu"],"yoast_head":"<!-- This site is optimized with the Yoast SEO plugin v25.7 - https:\/\/yoast.com\/wordpress\/plugins\/seo\/ -->\n<title>MARKETING \u00c9S SALES GYAKORNOK\u2013 NEMZETK\u00d6ZI CSAPAT - Prim\u0151r Cosmetics<\/title>\n<meta name=\"robots\" content=\"index, follow, max-snippet:-1, max-image-preview:large, max-video-preview:-1\" \/>\n<link rel=\"canonical\" href=\"https:\/\/primorcosmetics.com\/hu\/marketing-es-sales-gyakornok-nemzetkozi-csapat\/\" \/>\n<meta property=\"og:locale\" content=\"hu_HU\" \/>\n<meta property=\"og:type\" content=\"article\" \/>\n<meta property=\"og:title\" content=\"MARKETING \u00c9S SALES GYAKORNOK\u2013 NEMZETK\u00d6ZI CSAPAT - Prim\u0151r Cosmetics\" \/>\n<meta property=\"og:description\" content=\"MARKETING \u00c9S SALES GYAKORNOK \u2013 NEMZETK\u00d6ZI CSAPAT FELADATOK Kereskedelmi riportok, kimutat\u00e1sok, statisztik\u00e1k k\u00e9sz\u00edt\u00e9se, elemz\u00e9se Adminisztrat\u00edv feladatok elv\u00e9gz\u00e9se, mint p\u00e9ld\u00e1ul: belist\u00e1z\u00e1si adminisztr\u00e1ci\u00f3, k\u00e9szletfigyel\u00e9s, \u00e1rlista friss\u00edt\u00e9s Projektekben val\u00f3 akt\u00edv r\u00e9szv\u00e9tel \u2013 folyamatok aktualiz\u00e1l\u00e1sa, projektc\u00e9lok megval\u00f3s\u00edt\u00e1s\u00e1hoz sz\u00fcks\u00e9ges h\u00e1tt\u00e9ranyagok el\u0151k\u00e9sz\u00edt\u00e9se A projektterv r\u00e9szek\u00e9nt az \u00e9rt\u00e9kes\u00edt\u00e9si \u00e9s marketing terv elk\u00e9sz\u00edt\u00e9s\u00e9ben, k\u00e9s\u0151bb ak\u00e1r kivitelez\u00e9s\u00e9ben akt\u00edv r\u00e9szv\u00e9tel Sales, Trade Marketing csapatok munk\u00e1j\u00e1nak [&hellip;]\" \/>\n<meta property=\"og:url\" content=\"https:\/\/primorcosmetics.com\/hu\/marketing-es-sales-gyakornok-nemzetkozi-csapat\/\" \/>\n<meta property=\"og:site_name\" content=\"Prim\u0151r Cosmetics\" \/>\n<meta property=\"article:publisher\" content=\"https:\/\/www.facebook.com\/primorcosmetics\" \/>\n<meta property=\"article:published_time\" content=\"2024-09-26T11:57:53+00:00\" \/>\n<meta property=\"article:modified_time\" content=\"2024-09-26T13:03:40+00:00\" \/>\n<meta property=\"og:image\" content=\"https:\/\/primorcosmetics.com\/wp-content\/uploads\/2024\/09\/marketing-gyakornok-scaled.jpg\" \/>\n\t<meta property=\"og:image:width\" content=\"1707\" \/>\n\t<meta property=\"og:image:height\" content=\"2560\" \/>\n\t<meta property=\"og:image:type\" content=\"image\/jpeg\" \/>\n<meta name=\"author\" content=\"Szatm\u00e1ri G\u00e1bor\" \/>\n<meta name=\"twitter:card\" content=\"summary_large_image\" \/>\n<meta name=\"twitter:label1\" content=\"Szerz\u0151:\" \/>\n\t<meta name=\"twitter:data1\" content=\"Szatm\u00e1ri G\u00e1bor\" \/>\n\t<meta name=\"twitter:label2\" content=\"Becs\u00fclt olvas\u00e1si id\u0151\" \/>\n\t<meta name=\"twitter:data2\" content=\"2 perc\" \/>\n<script type=\"application\/ld+json\" class=\"yoast-schema-graph\">{\"@context\":\"https:\/\/schema.org\",\"@graph\":[{\"@type\":\"Article\",\"@id\":\"https:\/\/primorcosmetics.com\/hu\/marketing-es-sales-gyakornok-nemzetkozi-csapat\/#article\",\"isPartOf\":{\"@id\":\"https:\/\/primorcosmetics.com\/hu\/marketing-es-sales-gyakornok-nemzetkozi-csapat\/\"},\"author\":{\"name\":\"Szatm\u00e1ri G\u00e1bor\",\"@id\":\"https:\/\/primorcosmetics.com\/#\/schema\/person\/fc04b31f7464a18dbb1fd1c233c7c14a\"},\"headline\":\"MARKETING \u00c9S SALES GYAKORNOK\u2013 NEMZETK\u00d6ZI CSAPAT\",\"datePublished\":\"2024-09-26T11:57:53+00:00\",\"dateModified\":\"2024-09-26T13:03:40+00:00\",\"mainEntityOfPage\":{\"@id\":\"https:\/\/primorcosmetics.com\/hu\/marketing-es-sales-gyakornok-nemzetkozi-csapat\/\"},\"wordCount\":465,\"commentCount\":0,\"publisher\":{\"@id\":\"https:\/\/primorcosmetics.com\/#organization\"},\"image\":{\"@id\":\"https:\/\/primorcosmetics.com\/hu\/marketing-es-sales-gyakornok-nemzetkozi-csapat\/#primaryimage\"},\"thumbnailUrl\":\"https:\/\/primorcosmetics.com\/wp-content\/uploads\/2024\/09\/marketing-gyakornok-scaled.jpg\",\"articleSection\":[\"Uncategorized @hu\"],\"inLanguage\":\"hu\",\"potentialAction\":[{\"@type\":\"CommentAction\",\"name\":\"Comment\",\"target\":[\"https:\/\/primorcosmetics.com\/hu\/marketing-es-sales-gyakornok-nemzetkozi-csapat\/#respond\"]}]},{\"@type\":\"WebPage\",\"@id\":\"https:\/\/primorcosmetics.com\/hu\/marketing-es-sales-gyakornok-nemzetkozi-csapat\/\",\"url\":\"https:\/\/primorcosmetics.com\/hu\/marketing-es-sales-gyakornok-nemzetkozi-csapat\/\",\"name\":\"MARKETING \u00c9S SALES GYAKORNOK\u2013 NEMZETK\u00d6ZI CSAPAT - Prim\u0151r Cosmetics\",\"isPartOf\":{\"@id\":\"https:\/\/primorcosmetics.com\/#website\"},\"primaryImageOfPage\":{\"@id\":\"https:\/\/primorcosmetics.com\/hu\/marketing-es-sales-gyakornok-nemzetkozi-csapat\/#primaryimage\"},\"image\":{\"@id\":\"https:\/\/primorcosmetics.com\/hu\/marketing-es-sales-gyakornok-nemzetkozi-csapat\/#primaryimage\"},\"thumbnailUrl\":\"https:\/\/primorcosmetics.com\/wp-content\/uploads\/2024\/09\/marketing-gyakornok-scaled.jpg\",\"datePublished\":\"2024-09-26T11:57:53+00:00\",\"dateModified\":\"2024-09-26T13:03:40+00:00\",\"breadcrumb\":{\"@id\":\"https:\/\/primorcosmetics.com\/hu\/marketing-es-sales-gyakornok-nemzetkozi-csapat\/#breadcrumb\"},\"inLanguage\":\"hu\",\"potentialAction\":[{\"@type\":\"ReadAction\",\"target\":[\"https:\/\/primorcosmetics.com\/hu\/marketing-es-sales-gyakornok-nemzetkozi-csapat\/\"]}]},{\"@type\":\"ImageObject\",\"inLanguage\":\"hu\",\"@id\":\"https:\/\/primorcosmetics.com\/hu\/marketing-es-sales-gyakornok-nemzetkozi-csapat\/#primaryimage\",\"url\":\"https:\/\/primorcosmetics.com\/wp-content\/uploads\/2024\/09\/marketing-gyakornok-scaled.jpg\",\"contentUrl\":\"https:\/\/primorcosmetics.com\/wp-content\/uploads\/2024\/09\/marketing-gyakornok-scaled.jpg\",\"width\":1707,\"height\":2560},{\"@type\":\"BreadcrumbList\",\"@id\":\"https:\/\/primorcosmetics.com\/hu\/marketing-es-sales-gyakornok-nemzetkozi-csapat\/#breadcrumb\",\"itemListElement\":[{\"@type\":\"ListItem\",\"position\":1,\"name\":\"Home\",\"item\":\"https:\/\/primorcosmetics.com\/hu\/\"},{\"@type\":\"ListItem\",\"position\":2,\"name\":\"MARKETING \u00c9S SALES GYAKORNOK\u2013 NEMZETK\u00d6ZI CSAPAT\"}]},{\"@type\":\"WebSite\",\"@id\":\"https:\/\/primorcosmetics.com\/#website\",\"url\":\"https:\/\/primorcosmetics.com\/\",\"name\":\"Prim\u0151r Cosmetics\",\"description\":\"Prim\u0151r Cosmetics Leading Hungarian beauty and cosmetics distributor\",\"publisher\":{\"@id\":\"https:\/\/primorcosmetics.com\/#organization\"},\"potentialAction\":[{\"@type\":\"SearchAction\",\"target\":{\"@type\":\"EntryPoint\",\"urlTemplate\":\"https:\/\/primorcosmetics.com\/?s={search_term_string}\"},\"query-input\":{\"@type\":\"PropertyValueSpecification\",\"valueRequired\":true,\"valueName\":\"search_term_string\"}}],\"inLanguage\":\"hu\"},{\"@type\":\"Organization\",\"@id\":\"https:\/\/primorcosmetics.com\/#organization\",\"name\":\"Prim\u0151r Kozmetikai Kft.\",\"url\":\"https:\/\/primorcosmetics.com\/\",\"logo\":{\"@type\":\"ImageObject\",\"inLanguage\":\"hu\",\"@id\":\"https:\/\/primorcosmetics.com\/#\/schema\/logo\/image\/\",\"url\":\"https:\/\/primorcosmetics.com\/wp-content\/uploads\/2021\/12\/Primor_logo_icon_lockup_color.jpg\",\"contentUrl\":\"https:\/\/primorcosmetics.com\/wp-content\/uploads\/2021\/12\/Primor_logo_icon_lockup_color.jpg\",\"width\":1920,\"height\":1080,\"caption\":\"Prim\u0151r Kozmetikai Kft.\"},\"image\":{\"@id\":\"https:\/\/primorcosmetics.com\/#\/schema\/logo\/image\/\"},\"sameAs\":[\"https:\/\/www.facebook.com\/primorcosmetics\",\"https:\/\/www.instagram.com\/primorcosmetics\/\",\"https:\/\/www.linkedin.com\/company\/primorcosmetics\/mycompany\/\",\"https:\/\/www.youtube.com\/channel\/UCd3Uei375tM1XLkCMPhALWQ\"]},{\"@type\":\"Person\",\"@id\":\"https:\/\/primorcosmetics.com\/#\/schema\/person\/fc04b31f7464a18dbb1fd1c233c7c14a\",\"name\":\"Szatm\u00e1ri G\u00e1bor\",\"image\":{\"@type\":\"ImageObject\",\"inLanguage\":\"hu\",\"@id\":\"https:\/\/primorcosmetics.com\/#\/schema\/person\/image\/\",\"url\":\"https:\/\/secure.gravatar.com\/avatar\/4870b36ba76b11212e6043c4462b1244601c30b4613c808f2396e68fe7669d17?s=96&d=mm&r=g\",\"contentUrl\":\"https:\/\/secure.gravatar.com\/avatar\/4870b36ba76b11212e6043c4462b1244601c30b4613c808f2396e68fe7669d17?s=96&d=mm&r=g\",\"caption\":\"Szatm\u00e1ri G\u00e1bor\"},\"url\":\"https:\/\/primorcosmetics.com\/hu\/author\/gabor\/\"}]}<\/script>\n<!-- \/ Yoast SEO plugin. -->","yoast_head_json":{"title":"MARKETING \u00c9S SALES GYAKORNOK\u2013 NEMZETK\u00d6ZI CSAPAT - Prim\u0151r Cosmetics","robots":{"index":"index","follow":"follow","max-snippet":"max-snippet:-1","max-image-preview":"max-image-preview:large","max-video-preview":"max-video-preview:-1"},"canonical":"https:\/\/primorcosmetics.com\/hu\/marketing-es-sales-gyakornok-nemzetkozi-csapat\/","og_locale":"hu_HU","og_type":"article","og_title":"MARKETING \u00c9S SALES GYAKORNOK\u2013 NEMZETK\u00d6ZI CSAPAT - Prim\u0151r Cosmetics","og_description":"MARKETING \u00c9S SALES GYAKORNOK \u2013 NEMZETK\u00d6ZI CSAPAT FELADATOK Kereskedelmi riportok, kimutat\u00e1sok, statisztik\u00e1k k\u00e9sz\u00edt\u00e9se, elemz\u00e9se Adminisztrat\u00edv feladatok elv\u00e9gz\u00e9se, mint p\u00e9ld\u00e1ul: belist\u00e1z\u00e1si adminisztr\u00e1ci\u00f3, k\u00e9szletfigyel\u00e9s, \u00e1rlista friss\u00edt\u00e9s Projektekben val\u00f3 akt\u00edv r\u00e9szv\u00e9tel \u2013 folyamatok aktualiz\u00e1l\u00e1sa, projektc\u00e9lok megval\u00f3s\u00edt\u00e1s\u00e1hoz sz\u00fcks\u00e9ges h\u00e1tt\u00e9ranyagok el\u0151k\u00e9sz\u00edt\u00e9se A projektterv r\u00e9szek\u00e9nt az \u00e9rt\u00e9kes\u00edt\u00e9si \u00e9s marketing terv elk\u00e9sz\u00edt\u00e9s\u00e9ben, k\u00e9s\u0151bb ak\u00e1r kivitelez\u00e9s\u00e9ben akt\u00edv r\u00e9szv\u00e9tel Sales, Trade Marketing csapatok munk\u00e1j\u00e1nak [&hellip;]","og_url":"https:\/\/primorcosmetics.com\/hu\/marketing-es-sales-gyakornok-nemzetkozi-csapat\/","og_site_name":"Prim\u0151r Cosmetics","article_publisher":"https:\/\/www.facebook.com\/primorcosmetics","article_published_time":"2024-09-26T11:57:53+00:00","article_modified_time":"2024-09-26T13:03:40+00:00","og_image":[{"width":1707,"height":2560,"url":"https:\/\/primorcosmetics.com\/wp-content\/uploads\/2024\/09\/marketing-gyakornok-scaled.jpg","type":"image\/jpeg"}],"author":"Szatm\u00e1ri G\u00e1bor","twitter_card":"summary_large_image","twitter_misc":{"Szerz\u0151:":"Szatm\u00e1ri G\u00e1bor","Becs\u00fclt olvas\u00e1si id\u0151":"2 perc"},"schema":{"@context":"https:\/\/schema.org","@graph":[{"@type":"Article","@id":"https:\/\/primorcosmetics.com\/hu\/marketing-es-sales-gyakornok-nemzetkozi-csapat\/#article","isPartOf":{"@id":"https:\/\/primorcosmetics.com\/hu\/marketing-es-sales-gyakornok-nemzetkozi-csapat\/"},"author":{"name":"Szatm\u00e1ri G\u00e1bor","@id":"https:\/\/primorcosmetics.com\/#\/schema\/person\/fc04b31f7464a18dbb1fd1c233c7c14a"},"headline":"MARKETING \u00c9S SALES GYAKORNOK\u2013 NEMZETK\u00d6ZI CSAPAT","datePublished":"2024-09-26T11:57:53+00:00","dateModified":"2024-09-26T13:03:40+00:00","mainEntityOfPage":{"@id":"https:\/\/primorcosmetics.com\/hu\/marketing-es-sales-gyakornok-nemzetkozi-csapat\/"},"wordCount":465,"commentCount":0,"publisher":{"@id":"https:\/\/primorcosmetics.com\/#organization"},"image":{"@id":"https:\/\/primorcosmetics.com\/hu\/marketing-es-sales-gyakornok-nemzetkozi-csapat\/#primaryimage"},"thumbnailUrl":"https:\/\/primorcosmetics.com\/wp-content\/uploads\/2024\/09\/marketing-gyakornok-scaled.jpg","articleSection":["Uncategorized @hu"],"inLanguage":"hu","potentialAction":[{"@type":"CommentAction","name":"Comment","target":["https:\/\/primorcosmetics.com\/hu\/marketing-es-sales-gyakornok-nemzetkozi-csapat\/#respond"]}]},{"@type":"WebPage","@id":"https:\/\/primorcosmetics.com\/hu\/marketing-es-sales-gyakornok-nemzetkozi-csapat\/","url":"https:\/\/primorcosmetics.com\/hu\/marketing-es-sales-gyakornok-nemzetkozi-csapat\/","name":"MARKETING \u00c9S SALES GYAKORNOK\u2013 NEMZETK\u00d6ZI CSAPAT - Prim\u0151r Cosmetics","isPartOf":{"@id":"https:\/\/primorcosmetics.com\/#website"},"primaryImageOfPage":{"@id":"https:\/\/primorcosmetics.com\/hu\/marketing-es-sales-gyakornok-nemzetkozi-csapat\/#primaryimage"},"image":{"@id":"https:\/\/primorcosmetics.com\/hu\/marketing-es-sales-gyakornok-nemzetkozi-csapat\/#primaryimage"},"thumbnailUrl":"https:\/\/primorcosmetics.com\/wp-content\/uploads\/2024\/09\/marketing-gyakornok-scaled.jpg","datePublished":"2024-09-26T11:57:53+00:00","dateModified":"2024-09-26T13:03:40+00:00","breadcrumb":{"@id":"https:\/\/primorcosmetics.com\/hu\/marketing-es-sales-gyakornok-nemzetkozi-csapat\/#breadcrumb"},"inLanguage":"hu","potentialAction":[{"@type":"ReadAction","target":["https:\/\/primorcosmetics.com\/hu\/marketing-es-sales-gyakornok-nemzetkozi-csapat\/"]}]},{"@type":"ImageObject","inLanguage":"hu","@id":"https:\/\/primorcosmetics.com\/hu\/marketing-es-sales-gyakornok-nemzetkozi-csapat\/#primaryimage","url":"https:\/\/primorcosmetics.com\/wp-content\/uploads\/2024\/09\/marketing-gyakornok-scaled.jpg","contentUrl":"https:\/\/primorcosmetics.com\/wp-content\/uploads\/2024\/09\/marketing-gyakornok-scaled.jpg","width":1707,"height":2560},{"@type":"BreadcrumbList","@id":"https:\/\/primorcosmetics.com\/hu\/marketing-es-sales-gyakornok-nemzetkozi-csapat\/#breadcrumb","itemListElement":[{"@type":"ListItem","position":1,"name":"Home","item":"https:\/\/primorcosmetics.com\/hu\/"},{"@type":"ListItem","position":2,"name":"MARKETING \u00c9S SALES GYAKORNOK\u2013 NEMZETK\u00d6ZI CSAPAT"}]},{"@type":"WebSite","@id":"https:\/\/primorcosmetics.com\/#website","url":"https:\/\/primorcosmetics.com\/","name":"Prim\u0151r Cosmetics","description":"Prim\u0151r Cosmetics Leading Hungarian beauty and cosmetics distributor","publisher":{"@id":"https:\/\/primorcosmetics.com\/#organization"},"potentialAction":[{"@type":"SearchAction","target":{"@type":"EntryPoint","urlTemplate":"https:\/\/primorcosmetics.com\/?s={search_term_string}"},"query-input":{"@type":"PropertyValueSpecification","valueRequired":true,"valueName":"search_term_string"}}],"inLanguage":"hu"},{"@type":"Organization","@id":"https:\/\/primorcosmetics.com\/#organization","name":"Prim\u0151r Kozmetikai Kft.","url":"https:\/\/primorcosmetics.com\/","logo":{"@type":"ImageObject","inLanguage":"hu","@id":"https:\/\/primorcosmetics.com\/#\/schema\/logo\/image\/","url":"https:\/\/primorcosmetics.com\/wp-content\/uploads\/2021\/12\/Primor_logo_icon_lockup_color.jpg","contentUrl":"https:\/\/primorcosmetics.com\/wp-content\/uploads\/2021\/12\/Primor_logo_icon_lockup_color.jpg","width":1920,"height":1080,"caption":"Prim\u0151r Kozmetikai Kft."},"image":{"@id":"https:\/\/primorcosmetics.com\/#\/schema\/logo\/image\/"},"sameAs":["https:\/\/www.facebook.com\/primorcosmetics","https:\/\/www.instagram.com\/primorcosmetics\/","https:\/\/www.linkedin.com\/company\/primorcosmetics\/mycompany\/","https:\/\/www.youtube.com\/channel\/UCd3Uei375tM1XLkCMPhALWQ"]},{"@type":"Person","@id":"https:\/\/primorcosmetics.com\/#\/schema\/person\/fc04b31f7464a18dbb1fd1c233c7c14a","name":"Szatm\u00e1ri G\u00e1bor","image":{"@type":"ImageObject","inLanguage":"hu","@id":"https:\/\/primorcosmetics.com\/#\/schema\/person\/image\/","url":"https:\/\/secure.gravatar.com\/avatar\/4870b36ba76b11212e6043c4462b1244601c30b4613c808f2396e68fe7669d17?s=96&d=mm&r=g","contentUrl":"https:\/\/secure.gravatar.com\/avatar\/4870b36ba76b11212e6043c4462b1244601c30b4613c808f2396e68fe7669d17?s=96&d=mm&r=g","caption":"Szatm\u00e1ri G\u00e1bor"},"url":"https:\/\/primorcosmetics.com\/hu\/author\/gabor\/"}]}},"_links":{"self":[{"href":"https:\/\/primorcosmetics.com\/hu\/wp-json\/wp\/v2\/posts\/2479","targetHints":{"allow":["GET"]}}],"collection":[{"href":"https:\/\/primorcosmetics.com\/hu\/wp-json\/wp\/v2\/posts"}],"about":[{"href":"https:\/\/primorcosmetics.com\/hu\/wp-json\/wp\/v2\/types\/post"}],"author":[{"embeddable":true,"href":"https:\/\/primorcosmetics.com\/hu\/wp-json\/wp\/v2\/users\/2"}],"replies":[{"embeddable":true,"href":"https:\/\/primorcosmetics.com\/hu\/wp-json\/wp\/v2\/comments?post=2479"}],"version-history":[{"count":4,"href":"https:\/\/primorcosmetics.com\/hu\/wp-json\/wp\/v2\/posts\/2479\/revisions"}],"predecessor-version":[{"id":2483,"href":"https:\/\/primorcosmetics.com\/hu\/wp-json\/wp\/v2\/posts\/2479\/revisions\/2483"}],"wp:featuredmedia":[{"embeddable":true,"href":"https:\/\/primorcosmetics.com\/hu\/wp-json\/wp\/v2\/media\/2489"}],"wp:attachment":[{"href":"https:\/\/primorcosmetics.com\/hu\/wp-json\/wp\/v2\/media?parent=2479"}],"wp:term":[{"taxonomy":"category","embeddable":true,"href":"https:\/\/primorcosmetics.com\/hu\/wp-json\/wp\/v2\/categories?post=2479"},{"taxonomy":"post_tag","embeddable":true,"href":"https:\/\/primorcosmetics.com\/hu\/wp-json\/wp\/v2\/tags?post=2479"}],"curies":[{"name":"wp","href":"https:\/\/api.w.org\/{rel}","templated":true}]}}