{"id":2760,"date":"2025-08-07T14:59:32","date_gmt":"2025-08-07T14:59:32","guid":{"rendered":"https:\/\/primorcosmetics.com\/?p=2760"},"modified":"2025-10-08T13:58:44","modified_gmt":"2025-10-08T13:58:44","slug":"luxus-parfum-tanacsado-promoter-budapest","status":"publish","type":"post","link":"https:\/\/primorcosmetics.com\/hu\/luxus-parfum-tanacsado-promoter-budapest\/","title":{"rendered":"Luxus parf\u00fcm tan\u00e1csad\u00f3, prom\u00f3ter \u2013 Budapest"},"content":{"rendered":"\t\t<div data-elementor-type=\"wp-post\" data-elementor-id=\"2760\" class=\"elementor elementor-2760\" data-elementor-post-type=\"post\">\n\t\t\t\t\t\t<section class=\"elementor-section elementor-top-section elementor-element elementor-element-c3f2e9c elementor-section-boxed elementor-section-height-default elementor-section-height-default\" data-id=\"c3f2e9c\" data-element_type=\"section\">\n\t\t\t\t\t\t<div class=\"elementor-container elementor-column-gap-default\">\n\t\t\t\t\t<div class=\"elementor-column elementor-col-100 elementor-top-column elementor-element elementor-element-33205cf\" data-id=\"33205cf\" data-element_type=\"column\">\n\t\t\t<div class=\"elementor-widget-wrap elementor-element-populated\">\n\t\t\t\t\t\t<div class=\"elementor-element elementor-element-1ecdb3d elementor-widget elementor-widget-heading\" data-id=\"1ecdb3d\" data-element_type=\"widget\" data-widget_type=\"heading.default\">\n\t\t\t\t<div class=\"elementor-widget-container\">\n\t\t\t\t\t<h2 class=\"elementor-heading-title elementor-size-default\">Luxus parf\u00fcm tan\u00e1csad\u00f3, prom\u00f3ter \u2013 Budapest<\/h2>\t\t\t\t<\/div>\n\t\t\t\t<\/div>\n\t\t\t\t\t<\/div>\n\t\t<\/div>\n\t\t\t\t\t<\/div>\n\t\t<\/section>\n\t\t\t\t<section class=\"elementor-section elementor-top-section elementor-element elementor-element-ffc701c elementor-section-boxed elementor-section-height-default elementor-section-height-default\" data-id=\"ffc701c\" data-element_type=\"section\">\n\t\t\t\t\t\t<div class=\"elementor-container elementor-column-gap-default\">\n\t\t\t\t\t<div class=\"elementor-column elementor-col-100 elementor-top-column elementor-element elementor-element-e018e03\" data-id=\"e018e03\" data-element_type=\"column\">\n\t\t\t<div class=\"elementor-widget-wrap elementor-element-populated\">\n\t\t\t\t\t\t<div class=\"elementor-element elementor-element-e8d05be elementor-widget elementor-widget-text-editor\" data-id=\"e8d05be\" data-element_type=\"widget\" data-widget_type=\"text-editor.default\">\n\t\t\t\t<div class=\"elementor-widget-container\">\n\t\t\t\t\t\t\t\t\t<p><span style=\"font-weight: 400;\">Magyarorsz\u00e1g vezet\u0151 parf\u00fcm\u00e9ri\u00e1iban k\u00e9pviselheted az \u00e1ltalunk forgalmazott vil\u00e1gh\u00edr\u0171 m\u00e1rk\u00e1kat, mint p\u00e9ld\u00e1ul <\/span><b>Hugo Boss<\/b><span style=\"font-weight: 400;\">, <\/span><b>Gucci<\/b><span style=\"font-weight: 400;\">, <\/span><b>Paco Rabanne<\/b><span style=\"font-weight: 400;\"> \u00e9s sz\u00e1mos tov\u00e1bbi neves brandet.<\/span><span style=\"font-weight: 400;\"><br \/><\/span><span style=\"font-weight: 400;\"><br \/><\/span><b>Feladataid k\u00f6z\u00e9 az al\u00e1bbiak tartoznak majd:<\/b><\/p><ul><li style=\"font-weight: 400;\" aria-level=\"1\"><span style=\"font-weight: 400;\">V\u00e1s\u00e1rl\u00f3k magas sz\u00ednvonal\u00fa, szem\u00e9lyre szabott kiszolg\u00e1l\u00e1sa<\/span><\/li><li style=\"font-weight: 400;\" aria-level=\"1\"><span style=\"font-weight: 400;\">A term\u00e9kek n\u00e9pszer\u0171s\u00edt\u00e9se \u00e9s \u00e9rt\u00e9kes\u00edt\u00e9se<\/span><\/li><li style=\"font-weight: 400;\" aria-level=\"1\"><span style=\"font-weight: 400;\">Term\u00e9kekkel kapcsolatos tan\u00e1csad\u00e1s, prom\u00f3ci\u00f3k ismertet\u00e9se<\/span><\/li><li style=\"font-weight: 400;\" aria-level=\"1\"><span style=\"font-weight: 400;\">Term\u00e9kek kihelyez\u00e9se, polc rendben tart\u00e1sa<\/span><\/li><\/ul><p>\u00a0<\/p><p><span style=\"font-weight: 400;\">A munkanapokba beleesnek a szombatok \u00e9s vas\u00e1rnapok is, rendszerint CS-P-Szo-V a munkabeoszt\u00e1s.<\/span><\/p><p dir=\"ltr\" style=\"line-height: 1.2; margin-left: 0.9359970092773438pt; margin-top: 10.9959716796875pt; margin-bottom: 0pt;\">\u00a0<\/p><p><b>Elv\u00e1r\u00e1sok:<\/b><\/p><p><span style=\"font-weight: 400;\">Sz\u00e1munkra fontos, hogy ebben a poz\u00edci\u00f3ban a v\u00e1s\u00e1rl\u00f3k azzal a lelkesed\u00e9ssel, profizmussal, tud\u00e1ssal tal\u00e1lkozzanak, mely jellemzi a Prim\u0151r Kozmetikai Kft. munk\u00e1j\u00e1t minden ter\u00fcleten. Nemzetk\u00f6zi term\u00e9k portf\u00f3li\u00f3nk k\u00e9pviselet\u00e9re \u00fcgyf\u00e9lk\u00f6zpont\u00fa, megb\u00edzhat\u00f3, szorgalmas \u00e9s elhivatott munkav\u00e1llal\u00f3kat alkalmazunk. Ha jellemz\u0151ek r\u00e1d az al\u00e1bbiak, akkor te vagy az ide\u00e1lis jel\u00f6lt:<\/span><span style=\"font-weight: 400;\"><br \/><\/span><span style=\"font-weight: 400;\">\u00a0<\/span><\/p><ul><li style=\"font-weight: 400;\" aria-level=\"1\"><span style=\"font-weight: 400;\">Kiv\u00e1l\u00f3 kommunik\u00e1ci\u00f3s k\u00e9szs\u00e9g<\/span><\/li><li style=\"font-weight: 400;\" aria-level=\"1\"><span style=\"font-weight: 400;\">Alapfok\u00fa angol nyelvismeret<\/span><\/li><li style=\"font-weight: 400;\" aria-level=\"1\"><span style=\"font-weight: 400;\">Seg\u00edt\u0151k\u00e9sz, lelkes, nyitott szem\u00e9lyis\u00e9g<\/span><\/li><li style=\"font-weight: 400;\" aria-level=\"1\"><span style=\"font-weight: 400;\">Rugalmass\u00e1g, pontoss\u00e1g, precizit\u00e1s<\/span><\/li><li style=\"font-weight: 400;\" aria-level=\"1\"><span style=\"font-weight: 400;\">Kifog\u00e1stalan megjelen\u00e9s, \u00e1polt k\u00fcllem<\/span><\/li><li style=\"font-weight: 400;\" aria-level=\"1\"><span style=\"font-weight: 400;\">Legal\u00e1bb k\u00f6z\u00e9pfok\u00fa v\u00e9gzetts\u00e9g<\/span><\/li><li style=\"font-weight: 400;\" aria-level=\"1\"><span style=\"font-weight: 400;\">\u00c9rdekl\u0151d\u00e9s a preszt\u00edzs illatok, sz\u00e9ps\u00e9g\u00e1pol\u00e1s ir\u00e1nt<\/span><\/li><\/ul><p dir=\"ltr\" style=\"line-height: 1.2; margin-left: 0.9359970092773438pt; margin-top: 10.9959716796875pt; margin-bottom: 0pt;\">\u00a0<\/p><p><b>El\u0151nyt jelent:<\/b><\/p><ul><li style=\"font-weight: 400;\" aria-level=\"1\"><span style=\"font-weight: 400;\">Drog\u00e9ria, parf\u00fcm\u00e9ria szegmensben szerzett \u00e9rt\u00e9kes\u00edt\u0151i tapasztalat<\/span><\/li><\/ul><p dir=\"ltr\" style=\"line-height: 1.2; margin-left: 0.9359970092773438pt; margin-top: 10.9959716796875pt; margin-bottom: 0pt;\">\u00a0<\/p><p><b>Amit k\u00edn\u00e1lunk:<\/b><\/p><p><span style=\"font-weight: 400;\">Tan\u00e1csad\u00f3 k\u00e9pz\u00e9si programunk keret\u00e9ben profi \u00e9rt\u00e9kes\u00edt\u0151v\u00e9 v\u00e1lhatsz, ami a k\u00e9s\u0151bbiekben m\u00e1s ter\u00fcleteken is a hasznodra lehet. A program elm\u00e9leti \u00e9s gyakorlati r\u00e9szekb\u0151l \u00e1ll, aminek sikeres elv\u00e9gz\u00e9s\u00e9t k\u00f6vet\u0151en heti 32 \u00f3ra munkaid\u0151ben foglalkoztatunk majd.<\/span><span style=\"font-weight: 400;\"><br \/><br \/><\/span><\/p><p><span style=\"font-weight: 400;\">Amennyiben a poz\u00edci\u00f3 felkeltette \u00e9rdekl\u0151d\u00e9sed, v\u00e1rjuk \u00f6n\u00e9letrajzod a <a href=\"mailto:career@primorcosmetics.com\">career@primorcosmetics.com<\/a> e-mail-c\u00edmre.<\/span><\/p>\t\t\t\t\t\t\t\t<\/div>\n\t\t\t\t<\/div>\n\t\t\t\t\t<\/div>\n\t\t<\/div>\n\t\t\t\t\t<\/div>\n\t\t<\/section>\n\t\t\t\t<\/div>\n\t\t","protected":false},"excerpt":{"rendered":"<p>Rugalmass\u00e1g | Alapfok\u00fa angol | K\u00f6z\u00e9pfok\u00fa v\u00e9gzetts\u00e9g<\/p>\n","protected":false},"author":10,"featured_media":2762,"comment_status":"open","ping_status":"open","sticky":false,"template":"","format":"standard","meta":{"footnotes":""},"categories":[43],"tags":[],"class_list":["post-2760","post","type-post","status-publish","format-standard","has-post-thumbnail","hentry","category-uncategorized-hu"],"yoast_head":"<!-- This site is optimized with the Yoast SEO plugin v25.7 - https:\/\/yoast.com\/wordpress\/plugins\/seo\/ -->\n<title>Luxus parf\u00fcm tan\u00e1csad\u00f3, prom\u00f3ter \u2013 Budapest - Prim\u0151r Cosmetics<\/title>\n<meta name=\"robots\" content=\"index, follow, max-snippet:-1, max-image-preview:large, max-video-preview:-1\" \/>\n<link rel=\"canonical\" href=\"https:\/\/primorcosmetics.com\/hu\/luxus-parfum-tanacsado-promoter-budapest\/\" \/>\n<meta property=\"og:locale\" content=\"hu_HU\" \/>\n<meta property=\"og:type\" content=\"article\" \/>\n<meta property=\"og:title\" content=\"Luxus parf\u00fcm tan\u00e1csad\u00f3, prom\u00f3ter \u2013 Budapest - Prim\u0151r Cosmetics\" \/>\n<meta property=\"og:description\" content=\"Rugalmass\u00e1g | Alapfok\u00fa angol | K\u00f6z\u00e9pfok\u00fa v\u00e9gzetts\u00e9g\" \/>\n<meta property=\"og:url\" content=\"https:\/\/primorcosmetics.com\/hu\/luxus-parfum-tanacsado-promoter-budapest\/\" \/>\n<meta property=\"og:site_name\" content=\"Prim\u0151r Cosmetics\" \/>\n<meta property=\"article:publisher\" content=\"https:\/\/www.facebook.com\/primorcosmetics\" \/>\n<meta property=\"article:published_time\" content=\"2025-08-07T14:59:32+00:00\" \/>\n<meta property=\"article:modified_time\" content=\"2025-10-08T13:58:44+00:00\" \/>\n<meta property=\"og:image\" content=\"https:\/\/primorcosmetics.com\/wp-content\/uploads\/2025\/08\/primor-ba-scaled.jpg\" \/>\n\t<meta property=\"og:image:width\" content=\"1707\" \/>\n\t<meta property=\"og:image:height\" content=\"2560\" \/>\n\t<meta property=\"og:image:type\" content=\"image\/jpeg\" \/>\n<meta name=\"author\" content=\"Bence Sebok\" \/>\n<meta name=\"twitter:card\" content=\"summary_large_image\" \/>\n<meta name=\"twitter:label1\" content=\"Szerz\u0151:\" \/>\n\t<meta name=\"twitter:data1\" content=\"Bence Sebok\" \/>\n\t<meta name=\"twitter:label2\" content=\"Becs\u00fclt olvas\u00e1si id\u0151\" \/>\n\t<meta name=\"twitter:data2\" content=\"2 perc\" \/>\n<script type=\"application\/ld+json\" class=\"yoast-schema-graph\">{\"@context\":\"https:\/\/schema.org\",\"@graph\":[{\"@type\":\"Article\",\"@id\":\"https:\/\/primorcosmetics.com\/hu\/luxus-parfum-tanacsado-promoter-budapest\/#article\",\"isPartOf\":{\"@id\":\"https:\/\/primorcosmetics.com\/hu\/luxus-parfum-tanacsado-promoter-budapest\/\"},\"author\":{\"name\":\"Bence Sebok\",\"@id\":\"https:\/\/primorcosmetics.com\/#\/schema\/person\/97d9e28c65f7acc02a7e1e8e3bc81933\"},\"headline\":\"Luxus parf\u00fcm tan\u00e1csad\u00f3, prom\u00f3ter \u2013 Budapest\",\"datePublished\":\"2025-08-07T14:59:32+00:00\",\"dateModified\":\"2025-10-08T13:58:44+00:00\",\"mainEntityOfPage\":{\"@id\":\"https:\/\/primorcosmetics.com\/hu\/luxus-parfum-tanacsado-promoter-budapest\/\"},\"wordCount\":339,\"commentCount\":0,\"publisher\":{\"@id\":\"https:\/\/primorcosmetics.com\/#organization\"},\"image\":{\"@id\":\"https:\/\/primorcosmetics.com\/hu\/luxus-parfum-tanacsado-promoter-budapest\/#primaryimage\"},\"thumbnailUrl\":\"https:\/\/primorcosmetics.com\/wp-content\/uploads\/2025\/08\/primor-ba-scaled.jpg\",\"articleSection\":[\"Uncategorized @hu\"],\"inLanguage\":\"hu\",\"potentialAction\":[{\"@type\":\"CommentAction\",\"name\":\"Comment\",\"target\":[\"https:\/\/primorcosmetics.com\/hu\/luxus-parfum-tanacsado-promoter-budapest\/#respond\"]}]},{\"@type\":\"WebPage\",\"@id\":\"https:\/\/primorcosmetics.com\/hu\/luxus-parfum-tanacsado-promoter-budapest\/\",\"url\":\"https:\/\/primorcosmetics.com\/hu\/luxus-parfum-tanacsado-promoter-budapest\/\",\"name\":\"Luxus parf\u00fcm tan\u00e1csad\u00f3, prom\u00f3ter \u2013 Budapest - Prim\u0151r Cosmetics\",\"isPartOf\":{\"@id\":\"https:\/\/primorcosmetics.com\/#website\"},\"primaryImageOfPage\":{\"@id\":\"https:\/\/primorcosmetics.com\/hu\/luxus-parfum-tanacsado-promoter-budapest\/#primaryimage\"},\"image\":{\"@id\":\"https:\/\/primorcosmetics.com\/hu\/luxus-parfum-tanacsado-promoter-budapest\/#primaryimage\"},\"thumbnailUrl\":\"https:\/\/primorcosmetics.com\/wp-content\/uploads\/2025\/08\/primor-ba-scaled.jpg\",\"datePublished\":\"2025-08-07T14:59:32+00:00\",\"dateModified\":\"2025-10-08T13:58:44+00:00\",\"breadcrumb\":{\"@id\":\"https:\/\/primorcosmetics.com\/hu\/luxus-parfum-tanacsado-promoter-budapest\/#breadcrumb\"},\"inLanguage\":\"hu\",\"potentialAction\":[{\"@type\":\"ReadAction\",\"target\":[\"https:\/\/primorcosmetics.com\/hu\/luxus-parfum-tanacsado-promoter-budapest\/\"]}]},{\"@type\":\"ImageObject\",\"inLanguage\":\"hu\",\"@id\":\"https:\/\/primorcosmetics.com\/hu\/luxus-parfum-tanacsado-promoter-budapest\/#primaryimage\",\"url\":\"https:\/\/primorcosmetics.com\/wp-content\/uploads\/2025\/08\/primor-ba-scaled.jpg\",\"contentUrl\":\"https:\/\/primorcosmetics.com\/wp-content\/uploads\/2025\/08\/primor-ba-scaled.jpg\",\"width\":1707,\"height\":2560},{\"@type\":\"BreadcrumbList\",\"@id\":\"https:\/\/primorcosmetics.com\/hu\/luxus-parfum-tanacsado-promoter-budapest\/#breadcrumb\",\"itemListElement\":[{\"@type\":\"ListItem\",\"position\":1,\"name\":\"Home\",\"item\":\"https:\/\/primorcosmetics.com\/hu\/\"},{\"@type\":\"ListItem\",\"position\":2,\"name\":\"Luxus parf\u00fcm tan\u00e1csad\u00f3, prom\u00f3ter \u2013 Budapest\"}]},{\"@type\":\"WebSite\",\"@id\":\"https:\/\/primorcosmetics.com\/#website\",\"url\":\"https:\/\/primorcosmetics.com\/\",\"name\":\"Prim\u0151r Cosmetics\",\"description\":\"Prim\u0151r Cosmetics Leading Hungarian beauty and cosmetics distributor\",\"publisher\":{\"@id\":\"https:\/\/primorcosmetics.com\/#organization\"},\"potentialAction\":[{\"@type\":\"SearchAction\",\"target\":{\"@type\":\"EntryPoint\",\"urlTemplate\":\"https:\/\/primorcosmetics.com\/?s={search_term_string}\"},\"query-input\":{\"@type\":\"PropertyValueSpecification\",\"valueRequired\":true,\"valueName\":\"search_term_string\"}}],\"inLanguage\":\"hu\"},{\"@type\":\"Organization\",\"@id\":\"https:\/\/primorcosmetics.com\/#organization\",\"name\":\"Prim\u0151r Kozmetikai Kft.\",\"url\":\"https:\/\/primorcosmetics.com\/\",\"logo\":{\"@type\":\"ImageObject\",\"inLanguage\":\"hu\",\"@id\":\"https:\/\/primorcosmetics.com\/#\/schema\/logo\/image\/\",\"url\":\"https:\/\/primorcosmetics.com\/wp-content\/uploads\/2021\/12\/Primor_logo_icon_lockup_color.jpg\",\"contentUrl\":\"https:\/\/primorcosmetics.com\/wp-content\/uploads\/2021\/12\/Primor_logo_icon_lockup_color.jpg\",\"width\":1920,\"height\":1080,\"caption\":\"Prim\u0151r Kozmetikai Kft.\"},\"image\":{\"@id\":\"https:\/\/primorcosmetics.com\/#\/schema\/logo\/image\/\"},\"sameAs\":[\"https:\/\/www.facebook.com\/primorcosmetics\",\"https:\/\/www.instagram.com\/primorcosmetics\/\",\"https:\/\/www.linkedin.com\/company\/primorcosmetics\/mycompany\/\",\"https:\/\/www.youtube.com\/channel\/UCd3Uei375tM1XLkCMPhALWQ\"]},{\"@type\":\"Person\",\"@id\":\"https:\/\/primorcosmetics.com\/#\/schema\/person\/97d9e28c65f7acc02a7e1e8e3bc81933\",\"name\":\"Bence Sebok\",\"image\":{\"@type\":\"ImageObject\",\"inLanguage\":\"hu\",\"@id\":\"https:\/\/primorcosmetics.com\/#\/schema\/person\/image\/\",\"url\":\"https:\/\/secure.gravatar.com\/avatar\/4f1dbec0b65546668157fffeaad19d4e584a786de17230f1a08bf61f3e4745a0?s=96&d=mm&r=g\",\"contentUrl\":\"https:\/\/secure.gravatar.com\/avatar\/4f1dbec0b65546668157fffeaad19d4e584a786de17230f1a08bf61f3e4745a0?s=96&d=mm&r=g\",\"caption\":\"Bence Sebok\"},\"url\":\"https:\/\/primorcosmetics.com\/hu\/author\/bence-sebok\/\"}]}<\/script>\n<!-- \/ Yoast SEO plugin. -->","yoast_head_json":{"title":"Luxus parf\u00fcm tan\u00e1csad\u00f3, prom\u00f3ter \u2013 Budapest - Prim\u0151r Cosmetics","robots":{"index":"index","follow":"follow","max-snippet":"max-snippet:-1","max-image-preview":"max-image-preview:large","max-video-preview":"max-video-preview:-1"},"canonical":"https:\/\/primorcosmetics.com\/hu\/luxus-parfum-tanacsado-promoter-budapest\/","og_locale":"hu_HU","og_type":"article","og_title":"Luxus parf\u00fcm tan\u00e1csad\u00f3, prom\u00f3ter \u2013 Budapest - Prim\u0151r Cosmetics","og_description":"Rugalmass\u00e1g | Alapfok\u00fa angol | K\u00f6z\u00e9pfok\u00fa v\u00e9gzetts\u00e9g","og_url":"https:\/\/primorcosmetics.com\/hu\/luxus-parfum-tanacsado-promoter-budapest\/","og_site_name":"Prim\u0151r Cosmetics","article_publisher":"https:\/\/www.facebook.com\/primorcosmetics","article_published_time":"2025-08-07T14:59:32+00:00","article_modified_time":"2025-10-08T13:58:44+00:00","og_image":[{"width":1707,"height":2560,"url":"https:\/\/primorcosmetics.com\/wp-content\/uploads\/2025\/08\/primor-ba-scaled.jpg","type":"image\/jpeg"}],"author":"Bence Sebok","twitter_card":"summary_large_image","twitter_misc":{"Szerz\u0151:":"Bence Sebok","Becs\u00fclt olvas\u00e1si id\u0151":"2 perc"},"schema":{"@context":"https:\/\/schema.org","@graph":[{"@type":"Article","@id":"https:\/\/primorcosmetics.com\/hu\/luxus-parfum-tanacsado-promoter-budapest\/#article","isPartOf":{"@id":"https:\/\/primorcosmetics.com\/hu\/luxus-parfum-tanacsado-promoter-budapest\/"},"author":{"name":"Bence Sebok","@id":"https:\/\/primorcosmetics.com\/#\/schema\/person\/97d9e28c65f7acc02a7e1e8e3bc81933"},"headline":"Luxus parf\u00fcm tan\u00e1csad\u00f3, prom\u00f3ter \u2013 Budapest","datePublished":"2025-08-07T14:59:32+00:00","dateModified":"2025-10-08T13:58:44+00:00","mainEntityOfPage":{"@id":"https:\/\/primorcosmetics.com\/hu\/luxus-parfum-tanacsado-promoter-budapest\/"},"wordCount":339,"commentCount":0,"publisher":{"@id":"https:\/\/primorcosmetics.com\/#organization"},"image":{"@id":"https:\/\/primorcosmetics.com\/hu\/luxus-parfum-tanacsado-promoter-budapest\/#primaryimage"},"thumbnailUrl":"https:\/\/primorcosmetics.com\/wp-content\/uploads\/2025\/08\/primor-ba-scaled.jpg","articleSection":["Uncategorized @hu"],"inLanguage":"hu","potentialAction":[{"@type":"CommentAction","name":"Comment","target":["https:\/\/primorcosmetics.com\/hu\/luxus-parfum-tanacsado-promoter-budapest\/#respond"]}]},{"@type":"WebPage","@id":"https:\/\/primorcosmetics.com\/hu\/luxus-parfum-tanacsado-promoter-budapest\/","url":"https:\/\/primorcosmetics.com\/hu\/luxus-parfum-tanacsado-promoter-budapest\/","name":"Luxus parf\u00fcm tan\u00e1csad\u00f3, prom\u00f3ter \u2013 Budapest - Prim\u0151r Cosmetics","isPartOf":{"@id":"https:\/\/primorcosmetics.com\/#website"},"primaryImageOfPage":{"@id":"https:\/\/primorcosmetics.com\/hu\/luxus-parfum-tanacsado-promoter-budapest\/#primaryimage"},"image":{"@id":"https:\/\/primorcosmetics.com\/hu\/luxus-parfum-tanacsado-promoter-budapest\/#primaryimage"},"thumbnailUrl":"https:\/\/primorcosmetics.com\/wp-content\/uploads\/2025\/08\/primor-ba-scaled.jpg","datePublished":"2025-08-07T14:59:32+00:00","dateModified":"2025-10-08T13:58:44+00:00","breadcrumb":{"@id":"https:\/\/primorcosmetics.com\/hu\/luxus-parfum-tanacsado-promoter-budapest\/#breadcrumb"},"inLanguage":"hu","potentialAction":[{"@type":"ReadAction","target":["https:\/\/primorcosmetics.com\/hu\/luxus-parfum-tanacsado-promoter-budapest\/"]}]},{"@type":"ImageObject","inLanguage":"hu","@id":"https:\/\/primorcosmetics.com\/hu\/luxus-parfum-tanacsado-promoter-budapest\/#primaryimage","url":"https:\/\/primorcosmetics.com\/wp-content\/uploads\/2025\/08\/primor-ba-scaled.jpg","contentUrl":"https:\/\/primorcosmetics.com\/wp-content\/uploads\/2025\/08\/primor-ba-scaled.jpg","width":1707,"height":2560},{"@type":"BreadcrumbList","@id":"https:\/\/primorcosmetics.com\/hu\/luxus-parfum-tanacsado-promoter-budapest\/#breadcrumb","itemListElement":[{"@type":"ListItem","position":1,"name":"Home","item":"https:\/\/primorcosmetics.com\/hu\/"},{"@type":"ListItem","position":2,"name":"Luxus parf\u00fcm tan\u00e1csad\u00f3, prom\u00f3ter \u2013 Budapest"}]},{"@type":"WebSite","@id":"https:\/\/primorcosmetics.com\/#website","url":"https:\/\/primorcosmetics.com\/","name":"Prim\u0151r Cosmetics","description":"Prim\u0151r Cosmetics Leading Hungarian beauty and cosmetics distributor","publisher":{"@id":"https:\/\/primorcosmetics.com\/#organization"},"potentialAction":[{"@type":"SearchAction","target":{"@type":"EntryPoint","urlTemplate":"https:\/\/primorcosmetics.com\/?s={search_term_string}"},"query-input":{"@type":"PropertyValueSpecification","valueRequired":true,"valueName":"search_term_string"}}],"inLanguage":"hu"},{"@type":"Organization","@id":"https:\/\/primorcosmetics.com\/#organization","name":"Prim\u0151r Kozmetikai Kft.","url":"https:\/\/primorcosmetics.com\/","logo":{"@type":"ImageObject","inLanguage":"hu","@id":"https:\/\/primorcosmetics.com\/#\/schema\/logo\/image\/","url":"https:\/\/primorcosmetics.com\/wp-content\/uploads\/2021\/12\/Primor_logo_icon_lockup_color.jpg","contentUrl":"https:\/\/primorcosmetics.com\/wp-content\/uploads\/2021\/12\/Primor_logo_icon_lockup_color.jpg","width":1920,"height":1080,"caption":"Prim\u0151r Kozmetikai Kft."},"image":{"@id":"https:\/\/primorcosmetics.com\/#\/schema\/logo\/image\/"},"sameAs":["https:\/\/www.facebook.com\/primorcosmetics","https:\/\/www.instagram.com\/primorcosmetics\/","https:\/\/www.linkedin.com\/company\/primorcosmetics\/mycompany\/","https:\/\/www.youtube.com\/channel\/UCd3Uei375tM1XLkCMPhALWQ"]},{"@type":"Person","@id":"https:\/\/primorcosmetics.com\/#\/schema\/person\/97d9e28c65f7acc02a7e1e8e3bc81933","name":"Bence Sebok","image":{"@type":"ImageObject","inLanguage":"hu","@id":"https:\/\/primorcosmetics.com\/#\/schema\/person\/image\/","url":"https:\/\/secure.gravatar.com\/avatar\/4f1dbec0b65546668157fffeaad19d4e584a786de17230f1a08bf61f3e4745a0?s=96&d=mm&r=g","contentUrl":"https:\/\/secure.gravatar.com\/avatar\/4f1dbec0b65546668157fffeaad19d4e584a786de17230f1a08bf61f3e4745a0?s=96&d=mm&r=g","caption":"Bence Sebok"},"url":"https:\/\/primorcosmetics.com\/hu\/author\/bence-sebok\/"}]}},"_links":{"self":[{"href":"https:\/\/primorcosmetics.com\/hu\/wp-json\/wp\/v2\/posts\/2760","targetHints":{"allow":["GET"]}}],"collection":[{"href":"https:\/\/primorcosmetics.com\/hu\/wp-json\/wp\/v2\/posts"}],"about":[{"href":"https:\/\/primorcosmetics.com\/hu\/wp-json\/wp\/v2\/types\/post"}],"author":[{"embeddable":true,"href":"https:\/\/primorcosmetics.com\/hu\/wp-json\/wp\/v2\/users\/10"}],"replies":[{"embeddable":true,"href":"https:\/\/primorcosmetics.com\/hu\/wp-json\/wp\/v2\/comments?post=2760"}],"version-history":[{"count":5,"href":"https:\/\/primorcosmetics.com\/hu\/wp-json\/wp\/v2\/posts\/2760\/revisions"}],"predecessor-version":[{"id":3578,"href":"https:\/\/primorcosmetics.com\/hu\/wp-json\/wp\/v2\/posts\/2760\/revisions\/3578"}],"wp:featuredmedia":[{"embeddable":true,"href":"https:\/\/primorcosmetics.com\/hu\/wp-json\/wp\/v2\/media\/2762"}],"wp:attachment":[{"href":"https:\/\/primorcosmetics.com\/hu\/wp-json\/wp\/v2\/media?parent=2760"}],"wp:term":[{"taxonomy":"category","embeddable":true,"href":"https:\/\/primorcosmetics.com\/hu\/wp-json\/wp\/v2\/categories?post=2760"},{"taxonomy":"post_tag","embeddable":true,"href":"https:\/\/primorcosmetics.com\/hu\/wp-json\/wp\/v2\/tags?post=2760"}],"curies":[{"name":"wp","href":"https:\/\/api.w.org\/{rel}","templated":true}]}}