{"id":4277,"date":"2026-01-10T11:33:27","date_gmt":"2026-01-10T11:33:27","guid":{"rendered":"https:\/\/primorcosmetics.com\/?p=4277"},"modified":"2026-01-10T11:36:42","modified_gmt":"2026-01-10T11:36:42","slug":"irodavezeto-budapest","status":"publish","type":"post","link":"https:\/\/primorcosmetics.com\/hu\/irodavezeto-budapest\/","title":{"rendered":"IRODAVEZET\u0150 &#8211; BUDAPEST"},"content":{"rendered":"<p><span style=\"font-weight: 400;\">Sz\u00edvesen belel\u00e1tn\u00e1l egy min\u0151s\u00e9gi sz\u00e9ps\u00e9gipari term\u00e9kek disztrib\u00faci\u00f3j\u00e1t v\u00e9gz\u0151 v\u00e1llalat mindennapjaiba? Szereted a v\u00e1ltozatos feladatokat, prec\u00edzen \u00e9s ig\u00e9nyesen dolgozol, \u00e9s fontos sz\u00e1modra a rendezett, j\u00f3l m\u0171k\u00f6d\u0151 irodai k\u00f6rnyezet? Ha magadra ismert\u00e9l, n\u00e1lunk a helyed!<\/span><\/p>\n<p><span style=\"font-weight: 400;\">Budapesti belv\u00e1rosi irod\u00e1nkba keres\u00fcnk teljes munkaid\u0151s Irodavezet\u0151 koll\u00e9g\u00e1t, aki 35\u201340 f\u0151s irod\u00e1nk mindennapi m\u0171k\u00f6d\u00e9s\u00e9t t\u00e1mogatja, \u00e9s kulcsszerepet v\u00e1llal az iroda z\u00f6kken\u0151mentes \u00fczemeltet\u00e9s\u00e9ben.<\/span><\/p>\n<p><b>F\u0151bb feladatok<\/b><\/p>\n<ul>\n<li style=\"font-weight: 400;\" aria-level=\"1\"><span style=\"font-weight: 400;\">Az iroda m\u0171k\u00f6d\u00e9s\u00e9hez sz\u00fcks\u00e9ges eszk\u00f6z\u00f6k beszerz\u00e9se \u00e9s kezel\u00e9se (irodaszerek, laptopok, telefonok, konyhai eszk\u00f6z\u00f6k, \u00e9lelmiszerek, takar\u00edt\u00f3szerek stb.)<\/span><\/li>\n<li style=\"font-weight: 400;\" aria-level=\"1\"><span style=\"font-weight: 400;\">K\u00e9szletek nyomon k\u00f6vet\u00e9se, pontos nyilv\u00e1ntart\u00e1sok vezet\u00e9se, folyamatos ell\u00e1totts\u00e1g biztos\u00edt\u00e1sa<\/span><\/li>\n<li style=\"font-weight: 400;\" aria-level=\"1\"><span style=\"font-weight: 400;\">IT support koordin\u00e1l\u00e1sa, egy\u00fcttm\u0171k\u00f6d\u00e9s rendszergazd\u00e1kkal \u00e9s k\u00fcls\u0151 partnerekkel<\/span><\/li>\n<li style=\"font-weight: 400;\" aria-level=\"1\"><span style=\"font-weight: 400;\">T\u00e1rgyal\u00f3k menedzsel\u00e9se, karbantart\u00e1suk fel\u00fcgyelete<\/span><\/li>\n<li style=\"font-weight: 400;\" aria-level=\"1\"><span style=\"font-weight: 400;\">Postai \u00fcgyint\u00e9z\u00e9s: be\u00e9rkez\u0151 \u00e9s kimen\u0151 levelek kezel\u00e9se, szort\u00edroz\u00e1sa<\/span><\/li>\n<li style=\"font-weight: 400;\" aria-level=\"1\"><span style=\"font-weight: 400;\">\u00c1ltal\u00e1nos irodai adminisztr\u00e1ci\u00f3: nyilv\u00e1ntart\u00e1sok vezet\u00e9se, sz\u00e1ml\u00e1k \u00e9s dokumentumok szkennel\u00e9se, rendez\u00e9se, t\u00e1rol\u00e1sa<\/span><\/li>\n<li style=\"font-weight: 400;\" aria-level=\"1\"><span style=\"font-weight: 400;\">Fut\u00e1rszolg\u00e1lati \u00fcgyint\u00e9z\u00e9s, csomagk\u00fcld\u00e9sek szervez\u00e9se<\/span><\/li>\n<li style=\"font-weight: 400;\" aria-level=\"1\"><span style=\"font-weight: 400;\">Irodai g\u00e9pekhez kapcsol\u00f3d\u00f3 karbantart\u00e1si \u00fcgyek int\u00e9z\u00e9se<\/span><\/li>\n<li style=\"font-weight: 400;\" aria-level=\"1\"><span style=\"font-weight: 400;\">Irodai m\u0171szaki eszk\u00f6z\u00f6k kezel\u00e9se (nyomtat\u00f3, szkenner)<\/span><\/li>\n<li style=\"font-weight: 400;\" aria-level=\"1\"><span style=\"font-weight: 400;\">Mobilflotta kezel\u00e9se<\/span><\/li>\n<li style=\"font-weight: 400;\" aria-level=\"1\"><span style=\"font-weight: 400;\">H\u00e1zip\u00e9nzt\u00e1r kezel\u00e9se, elsz\u00e1mol\u00e1sok k\u00e9sz\u00edt\u00e9se<\/span><\/li>\n<li style=\"font-weight: 400;\" aria-level=\"1\"><span style=\"font-weight: 400;\">Kapcsolattart\u00e1s szerel\u0151kkel \u00e9s szakemberekkel iroda-karbantart\u00e1si \u00e9s \u00fczemeltet\u00e9si feladatok kapcs\u00e1n<\/span><\/li>\n<li style=\"font-weight: 400;\" aria-level=\"1\"><span style=\"font-weight: 400;\">Recepci\u00f3 \u00e9s k\u00f6z\u00f6s helyis\u00e9gek rendj\u00e9nek fel\u00fcgyelete<\/span><\/li>\n<li style=\"font-weight: 400;\" aria-level=\"1\"><span style=\"font-weight: 400;\">G\u00e9pj\u00e1rm\u0171vekkel kapcsolatos adminisztr\u00e1ci\u00f3 t\u00e1mogat\u00e1sa a t\u00e1rster\u00fcletekkel egy\u00fcttm\u0171k\u00f6d\u00e9sben<\/span><\/li>\n<li style=\"font-weight: 400;\" aria-level=\"1\"><span style=\"font-weight: 400;\">R\u00e9szv\u00e9tel c\u00e9ges rendezv\u00e9nyek szervez\u00e9s\u00e9ben \u00e9s lebonyol\u00edt\u00e1s\u00e1ban<\/span><\/li>\n<li style=\"font-weight: 400;\" aria-level=\"1\"><span style=\"font-weight: 400;\">Vend\u00e9gek \u00e9s \u00fcgyfelek professzion\u00e1lis fogad\u00e1sa \u00e9s kiszolg\u00e1l\u00e1sa<\/span><\/li>\n<li style=\"font-weight: 400;\" aria-level=\"1\"><span style=\"font-weight: 400;\">Er\u0151forr\u00e1sok hat\u00e9kony, k\u00f6lts\u00e9gtudatos optimaliz\u00e1l\u00e1sa<\/span><\/li>\n<\/ul>\n<p><b>Elv\u00e1r\u00e1sok<\/b><\/p>\n<ul>\n<li style=\"font-weight: 400;\" aria-level=\"1\"><span style=\"font-weight: 400;\">Minimum 3\u20135 \u00e9v relev\u00e1ns tapasztalat hasonl\u00f3 munkak\u00f6rben<\/span><\/li>\n<li style=\"font-weight: 400;\" aria-level=\"1\"><span style=\"font-weight: 400;\">Microsoft Office felhaszn\u00e1l\u00f3i szint\u0171 ismerete, er\u0151s Excel tud\u00e1s<\/span><\/li>\n<li style=\"font-weight: 400;\" aria-level=\"1\"><span style=\"font-weight: 400;\">K\u00f6z\u00e9pszint\u0171 angol nyelvtud\u00e1s \u00edr\u00e1sban \u00e9s sz\u00f3ban<\/span><\/li>\n<li style=\"font-weight: 400;\" aria-level=\"1\"><span style=\"font-weight: 400;\">Legal\u00e1bb k\u00f6z\u00e9pfok\u00fa, szakir\u00e1ny\u00fa v\u00e9gzetts\u00e9g<\/span><\/li>\n<li style=\"font-weight: 400;\" aria-level=\"1\"><span style=\"font-weight: 400;\">IT supporttal val\u00f3 egy\u00fcttm\u0171k\u00f6d\u00e9sben szerzett tapasztalat, alapvet\u0151 informatikai ismeretek<\/span><\/li>\n<li style=\"font-weight: 400;\" aria-level=\"1\"><span style=\"font-weight: 400;\">Szem\u00e9lyes jelenl\u00e9t v\u00e1llal\u00e1sa<\/span><\/li>\n<li style=\"font-weight: 400;\" aria-level=\"1\"><span style=\"font-weight: 400;\">\u00d6n\u00e1ll\u00f3, felel\u0151ss\u00e9gteljes munkav\u00e9gz\u00e9s<\/span><\/li>\n<li style=\"font-weight: 400;\" aria-level=\"1\"><span style=\"font-weight: 400;\">Hat\u00e1rozott, talpraesett, proakt\u00edv hozz\u00e1\u00e1ll\u00e1s, pozit\u00edv szeml\u00e9let<\/span><\/li>\n<li style=\"font-weight: 400;\" aria-level=\"1\"><span style=\"font-weight: 400;\">Kiv\u00e1l\u00f3 kommunik\u00e1ci\u00f3s \u00e9s probl\u00e9mamegold\u00f3 k\u00e9szs\u00e9g<\/span><\/li>\n<li style=\"font-weight: 400;\" aria-level=\"1\"><span style=\"font-weight: 400;\">Er\u0151s szervez\u0151k\u00e9szs\u00e9g, seg\u00edt\u0151k\u00e9sz \u00e9s csapatj\u00e1t\u00e9kos attit\u0171d<\/span><\/li>\n<li style=\"font-weight: 400;\" aria-level=\"1\"><span style=\"font-weight: 400;\">Ig\u00e9nyess\u00e9g a munkak\u00f6rnyezet \u00e9s a megjelen\u00e9s ir\u00e1nt<\/span><\/li>\n<\/ul>\n<p><b>El\u0151nyt jelent<\/b><\/p>\n<ul>\n<li style=\"font-weight: 400;\" aria-level=\"1\"><span style=\"font-weight: 400;\">Fels\u0151fok\u00fa v\u00e9gzetts\u00e9g<\/span><\/li>\n<li style=\"font-weight: 400;\" aria-level=\"1\"><span style=\"font-weight: 400;\">P\u00e9nz\u00fcgyi vagy gazdas\u00e1gi v\u00e9gzetts\u00e9g<\/span><\/li>\n<\/ul>\n<p><b>Amit k\u00edn\u00e1lunk<\/b><\/p>\n<ul>\n<li style=\"font-weight: 400;\" aria-level=\"1\"><span style=\"font-weight: 400;\">Sokoldal\u00fa, felel\u0151ss\u00e9gteljes szerepk\u00f6r<\/span><\/li>\n<li style=\"font-weight: 400;\" aria-level=\"1\"><span style=\"font-weight: 400;\">Dinamikus munkak\u00f6rnyezet v\u00e1ltozatos, kih\u00edv\u00e1st jelent\u0151 feladatokkal<\/span><\/li>\n<li style=\"font-weight: 400;\" aria-level=\"1\"><span style=\"font-weight: 400;\">Stabil, hossz\u00fa t\u00e1v\u00fa karrierlehet\u0151s\u00e9g egy sikeres v\u00e1llalatn\u00e1l<\/span><\/li>\n<li style=\"font-weight: 400;\" aria-level=\"1\"><span style=\"font-weight: 400;\">Kedvezm\u00e9nyes v\u00e1s\u00e1rl\u00e1si lehet\u0151s\u00e9g sz\u00e9les kozmetikai term\u00e9kv\u00e1laszt\u00e9kunkb\u00f3l<\/span><\/li>\n<\/ul>\n","protected":false},"excerpt":{"rendered":"<p>3+ \u00e9v tapasztalat | K\u00f6z\u00e9pszint\u0171 angol | Proaktivit\u00e1s<\/p>\n","protected":false},"author":10,"featured_media":2736,"comment_status":"open","ping_status":"open","sticky":false,"template":"","format":"standard","meta":{"footnotes":""},"categories":[51],"tags":[52],"class_list":["post-4277","post","type-post","status-publish","format-standard","has-post-thumbnail","hentry","category-career-hu","tag-budapest-hu"],"yoast_head":"<!-- This site is optimized with the Yoast SEO plugin v25.7 - https:\/\/yoast.com\/wordpress\/plugins\/seo\/ -->\n<title>IRODAVEZET\u0150 - BUDAPEST - Prim\u0151r Cosmetics<\/title>\n<meta name=\"robots\" content=\"index, follow, max-snippet:-1, max-image-preview:large, max-video-preview:-1\" \/>\n<link rel=\"canonical\" href=\"https:\/\/primorcosmetics.com\/hu\/irodavezeto-budapest\/\" \/>\n<meta property=\"og:locale\" content=\"hu_HU\" \/>\n<meta property=\"og:type\" content=\"article\" \/>\n<meta property=\"og:title\" content=\"IRODAVEZET\u0150 - BUDAPEST - Prim\u0151r Cosmetics\" \/>\n<meta property=\"og:description\" content=\"3+ \u00e9v tapasztalat | K\u00f6z\u00e9pszint\u0171 angol | Proaktivit\u00e1s\" \/>\n<meta property=\"og:url\" content=\"https:\/\/primorcosmetics.com\/hu\/irodavezeto-budapest\/\" \/>\n<meta property=\"og:site_name\" content=\"Prim\u0151r Cosmetics\" \/>\n<meta property=\"article:publisher\" content=\"https:\/\/www.facebook.com\/primorcosmetics\" \/>\n<meta property=\"article:published_time\" content=\"2026-01-10T11:33:27+00:00\" \/>\n<meta property=\"article:modified_time\" content=\"2026-01-10T11:36:42+00:00\" \/>\n<meta property=\"og:image\" content=\"https:\/\/primorcosmetics.com\/wp-content\/uploads\/2025\/07\/primor-brand-manager-skincare-scaled.jpg\" \/>\n\t<meta property=\"og:image:width\" content=\"2560\" \/>\n\t<meta property=\"og:image:height\" content=\"1707\" \/>\n\t<meta property=\"og:image:type\" content=\"image\/jpeg\" \/>\n<meta name=\"author\" content=\"Bence Sebok\" \/>\n<meta name=\"twitter:card\" content=\"summary_large_image\" \/>\n<meta name=\"twitter:label1\" content=\"Szerz\u0151:\" \/>\n\t<meta name=\"twitter:data1\" content=\"Bence Sebok\" \/>\n\t<meta name=\"twitter:label2\" content=\"Becs\u00fclt olvas\u00e1si id\u0151\" \/>\n\t<meta name=\"twitter:data2\" content=\"2 perc\" \/>\n<script type=\"application\/ld+json\" class=\"yoast-schema-graph\">{\"@context\":\"https:\/\/schema.org\",\"@graph\":[{\"@type\":\"Article\",\"@id\":\"https:\/\/primorcosmetics.com\/hu\/irodavezeto-budapest\/#article\",\"isPartOf\":{\"@id\":\"https:\/\/primorcosmetics.com\/hu\/irodavezeto-budapest\/\"},\"author\":{\"name\":\"Bence Sebok\",\"@id\":\"https:\/\/primorcosmetics.com\/#\/schema\/person\/97d9e28c65f7acc02a7e1e8e3bc81933\"},\"headline\":\"IRODAVEZET\u0150 &#8211; BUDAPEST\",\"datePublished\":\"2026-01-10T11:33:27+00:00\",\"dateModified\":\"2026-01-10T11:36:42+00:00\",\"mainEntityOfPage\":{\"@id\":\"https:\/\/primorcosmetics.com\/hu\/irodavezeto-budapest\/\"},\"wordCount\":530,\"commentCount\":0,\"publisher\":{\"@id\":\"https:\/\/primorcosmetics.com\/#organization\"},\"image\":{\"@id\":\"https:\/\/primorcosmetics.com\/hu\/irodavezeto-budapest\/#primaryimage\"},\"thumbnailUrl\":\"https:\/\/primorcosmetics.com\/wp-content\/uploads\/2025\/07\/primor-brand-manager-skincare-scaled.jpg\",\"keywords\":[\"Budapest\"],\"articleSection\":[\"career\"],\"inLanguage\":\"hu\",\"potentialAction\":[{\"@type\":\"CommentAction\",\"name\":\"Comment\",\"target\":[\"https:\/\/primorcosmetics.com\/hu\/irodavezeto-budapest\/#respond\"]}]},{\"@type\":\"WebPage\",\"@id\":\"https:\/\/primorcosmetics.com\/hu\/irodavezeto-budapest\/\",\"url\":\"https:\/\/primorcosmetics.com\/hu\/irodavezeto-budapest\/\",\"name\":\"IRODAVEZET\u0150 - BUDAPEST - Prim\u0151r Cosmetics\",\"isPartOf\":{\"@id\":\"https:\/\/primorcosmetics.com\/#website\"},\"primaryImageOfPage\":{\"@id\":\"https:\/\/primorcosmetics.com\/hu\/irodavezeto-budapest\/#primaryimage\"},\"image\":{\"@id\":\"https:\/\/primorcosmetics.com\/hu\/irodavezeto-budapest\/#primaryimage\"},\"thumbnailUrl\":\"https:\/\/primorcosmetics.com\/wp-content\/uploads\/2025\/07\/primor-brand-manager-skincare-scaled.jpg\",\"datePublished\":\"2026-01-10T11:33:27+00:00\",\"dateModified\":\"2026-01-10T11:36:42+00:00\",\"breadcrumb\":{\"@id\":\"https:\/\/primorcosmetics.com\/hu\/irodavezeto-budapest\/#breadcrumb\"},\"inLanguage\":\"hu\",\"potentialAction\":[{\"@type\":\"ReadAction\",\"target\":[\"https:\/\/primorcosmetics.com\/hu\/irodavezeto-budapest\/\"]}]},{\"@type\":\"ImageObject\",\"inLanguage\":\"hu\",\"@id\":\"https:\/\/primorcosmetics.com\/hu\/irodavezeto-budapest\/#primaryimage\",\"url\":\"https:\/\/primorcosmetics.com\/wp-content\/uploads\/2025\/07\/primor-brand-manager-skincare-scaled.jpg\",\"contentUrl\":\"https:\/\/primorcosmetics.com\/wp-content\/uploads\/2025\/07\/primor-brand-manager-skincare-scaled.jpg\",\"width\":2560,\"height\":1707},{\"@type\":\"BreadcrumbList\",\"@id\":\"https:\/\/primorcosmetics.com\/hu\/irodavezeto-budapest\/#breadcrumb\",\"itemListElement\":[{\"@type\":\"ListItem\",\"position\":1,\"name\":\"Home\",\"item\":\"https:\/\/primorcosmetics.com\/hu\/\"},{\"@type\":\"ListItem\",\"position\":2,\"name\":\"IRODAVEZET\u0150 &#8211; BUDAPEST\"}]},{\"@type\":\"WebSite\",\"@id\":\"https:\/\/primorcosmetics.com\/#website\",\"url\":\"https:\/\/primorcosmetics.com\/\",\"name\":\"Prim\u0151r Cosmetics\",\"description\":\"Prim\u0151r Cosmetics Leading Hungarian beauty and cosmetics distributor\",\"publisher\":{\"@id\":\"https:\/\/primorcosmetics.com\/#organization\"},\"potentialAction\":[{\"@type\":\"SearchAction\",\"target\":{\"@type\":\"EntryPoint\",\"urlTemplate\":\"https:\/\/primorcosmetics.com\/?s={search_term_string}\"},\"query-input\":{\"@type\":\"PropertyValueSpecification\",\"valueRequired\":true,\"valueName\":\"search_term_string\"}}],\"inLanguage\":\"hu\"},{\"@type\":\"Organization\",\"@id\":\"https:\/\/primorcosmetics.com\/#organization\",\"name\":\"Prim\u0151r Kozmetikai Kft.\",\"url\":\"https:\/\/primorcosmetics.com\/\",\"logo\":{\"@type\":\"ImageObject\",\"inLanguage\":\"hu\",\"@id\":\"https:\/\/primorcosmetics.com\/#\/schema\/logo\/image\/\",\"url\":\"https:\/\/primorcosmetics.com\/wp-content\/uploads\/2021\/12\/Primor_logo_icon_lockup_color.jpg\",\"contentUrl\":\"https:\/\/primorcosmetics.com\/wp-content\/uploads\/2021\/12\/Primor_logo_icon_lockup_color.jpg\",\"width\":1920,\"height\":1080,\"caption\":\"Prim\u0151r Kozmetikai Kft.\"},\"image\":{\"@id\":\"https:\/\/primorcosmetics.com\/#\/schema\/logo\/image\/\"},\"sameAs\":[\"https:\/\/www.facebook.com\/primorcosmetics\",\"https:\/\/www.instagram.com\/primorcosmetics\/\",\"https:\/\/www.linkedin.com\/company\/primorcosmetics\/mycompany\/\",\"https:\/\/www.youtube.com\/channel\/UCd3Uei375tM1XLkCMPhALWQ\"]},{\"@type\":\"Person\",\"@id\":\"https:\/\/primorcosmetics.com\/#\/schema\/person\/97d9e28c65f7acc02a7e1e8e3bc81933\",\"name\":\"Bence Sebok\",\"image\":{\"@type\":\"ImageObject\",\"inLanguage\":\"hu\",\"@id\":\"https:\/\/primorcosmetics.com\/#\/schema\/person\/image\/\",\"url\":\"https:\/\/secure.gravatar.com\/avatar\/4f1dbec0b65546668157fffeaad19d4e584a786de17230f1a08bf61f3e4745a0?s=96&d=mm&r=g\",\"contentUrl\":\"https:\/\/secure.gravatar.com\/avatar\/4f1dbec0b65546668157fffeaad19d4e584a786de17230f1a08bf61f3e4745a0?s=96&d=mm&r=g\",\"caption\":\"Bence Sebok\"},\"url\":\"https:\/\/primorcosmetics.com\/hu\/author\/bence-sebok\/\"}]}<\/script>\n<!-- \/ Yoast SEO plugin. -->","yoast_head_json":{"title":"IRODAVEZET\u0150 - BUDAPEST - Prim\u0151r Cosmetics","robots":{"index":"index","follow":"follow","max-snippet":"max-snippet:-1","max-image-preview":"max-image-preview:large","max-video-preview":"max-video-preview:-1"},"canonical":"https:\/\/primorcosmetics.com\/hu\/irodavezeto-budapest\/","og_locale":"hu_HU","og_type":"article","og_title":"IRODAVEZET\u0150 - BUDAPEST - Prim\u0151r Cosmetics","og_description":"3+ \u00e9v tapasztalat | K\u00f6z\u00e9pszint\u0171 angol | Proaktivit\u00e1s","og_url":"https:\/\/primorcosmetics.com\/hu\/irodavezeto-budapest\/","og_site_name":"Prim\u0151r Cosmetics","article_publisher":"https:\/\/www.facebook.com\/primorcosmetics","article_published_time":"2026-01-10T11:33:27+00:00","article_modified_time":"2026-01-10T11:36:42+00:00","og_image":[{"width":2560,"height":1707,"url":"https:\/\/primorcosmetics.com\/wp-content\/uploads\/2025\/07\/primor-brand-manager-skincare-scaled.jpg","type":"image\/jpeg"}],"author":"Bence Sebok","twitter_card":"summary_large_image","twitter_misc":{"Szerz\u0151:":"Bence Sebok","Becs\u00fclt olvas\u00e1si id\u0151":"2 perc"},"schema":{"@context":"https:\/\/schema.org","@graph":[{"@type":"Article","@id":"https:\/\/primorcosmetics.com\/hu\/irodavezeto-budapest\/#article","isPartOf":{"@id":"https:\/\/primorcosmetics.com\/hu\/irodavezeto-budapest\/"},"author":{"name":"Bence Sebok","@id":"https:\/\/primorcosmetics.com\/#\/schema\/person\/97d9e28c65f7acc02a7e1e8e3bc81933"},"headline":"IRODAVEZET\u0150 &#8211; BUDAPEST","datePublished":"2026-01-10T11:33:27+00:00","dateModified":"2026-01-10T11:36:42+00:00","mainEntityOfPage":{"@id":"https:\/\/primorcosmetics.com\/hu\/irodavezeto-budapest\/"},"wordCount":530,"commentCount":0,"publisher":{"@id":"https:\/\/primorcosmetics.com\/#organization"},"image":{"@id":"https:\/\/primorcosmetics.com\/hu\/irodavezeto-budapest\/#primaryimage"},"thumbnailUrl":"https:\/\/primorcosmetics.com\/wp-content\/uploads\/2025\/07\/primor-brand-manager-skincare-scaled.jpg","keywords":["Budapest"],"articleSection":["career"],"inLanguage":"hu","potentialAction":[{"@type":"CommentAction","name":"Comment","target":["https:\/\/primorcosmetics.com\/hu\/irodavezeto-budapest\/#respond"]}]},{"@type":"WebPage","@id":"https:\/\/primorcosmetics.com\/hu\/irodavezeto-budapest\/","url":"https:\/\/primorcosmetics.com\/hu\/irodavezeto-budapest\/","name":"IRODAVEZET\u0150 - BUDAPEST - Prim\u0151r Cosmetics","isPartOf":{"@id":"https:\/\/primorcosmetics.com\/#website"},"primaryImageOfPage":{"@id":"https:\/\/primorcosmetics.com\/hu\/irodavezeto-budapest\/#primaryimage"},"image":{"@id":"https:\/\/primorcosmetics.com\/hu\/irodavezeto-budapest\/#primaryimage"},"thumbnailUrl":"https:\/\/primorcosmetics.com\/wp-content\/uploads\/2025\/07\/primor-brand-manager-skincare-scaled.jpg","datePublished":"2026-01-10T11:33:27+00:00","dateModified":"2026-01-10T11:36:42+00:00","breadcrumb":{"@id":"https:\/\/primorcosmetics.com\/hu\/irodavezeto-budapest\/#breadcrumb"},"inLanguage":"hu","potentialAction":[{"@type":"ReadAction","target":["https:\/\/primorcosmetics.com\/hu\/irodavezeto-budapest\/"]}]},{"@type":"ImageObject","inLanguage":"hu","@id":"https:\/\/primorcosmetics.com\/hu\/irodavezeto-budapest\/#primaryimage","url":"https:\/\/primorcosmetics.com\/wp-content\/uploads\/2025\/07\/primor-brand-manager-skincare-scaled.jpg","contentUrl":"https:\/\/primorcosmetics.com\/wp-content\/uploads\/2025\/07\/primor-brand-manager-skincare-scaled.jpg","width":2560,"height":1707},{"@type":"BreadcrumbList","@id":"https:\/\/primorcosmetics.com\/hu\/irodavezeto-budapest\/#breadcrumb","itemListElement":[{"@type":"ListItem","position":1,"name":"Home","item":"https:\/\/primorcosmetics.com\/hu\/"},{"@type":"ListItem","position":2,"name":"IRODAVEZET\u0150 &#8211; BUDAPEST"}]},{"@type":"WebSite","@id":"https:\/\/primorcosmetics.com\/#website","url":"https:\/\/primorcosmetics.com\/","name":"Prim\u0151r Cosmetics","description":"Prim\u0151r Cosmetics Leading Hungarian beauty and cosmetics distributor","publisher":{"@id":"https:\/\/primorcosmetics.com\/#organization"},"potentialAction":[{"@type":"SearchAction","target":{"@type":"EntryPoint","urlTemplate":"https:\/\/primorcosmetics.com\/?s={search_term_string}"},"query-input":{"@type":"PropertyValueSpecification","valueRequired":true,"valueName":"search_term_string"}}],"inLanguage":"hu"},{"@type":"Organization","@id":"https:\/\/primorcosmetics.com\/#organization","name":"Prim\u0151r Kozmetikai Kft.","url":"https:\/\/primorcosmetics.com\/","logo":{"@type":"ImageObject","inLanguage":"hu","@id":"https:\/\/primorcosmetics.com\/#\/schema\/logo\/image\/","url":"https:\/\/primorcosmetics.com\/wp-content\/uploads\/2021\/12\/Primor_logo_icon_lockup_color.jpg","contentUrl":"https:\/\/primorcosmetics.com\/wp-content\/uploads\/2021\/12\/Primor_logo_icon_lockup_color.jpg","width":1920,"height":1080,"caption":"Prim\u0151r Kozmetikai Kft."},"image":{"@id":"https:\/\/primorcosmetics.com\/#\/schema\/logo\/image\/"},"sameAs":["https:\/\/www.facebook.com\/primorcosmetics","https:\/\/www.instagram.com\/primorcosmetics\/","https:\/\/www.linkedin.com\/company\/primorcosmetics\/mycompany\/","https:\/\/www.youtube.com\/channel\/UCd3Uei375tM1XLkCMPhALWQ"]},{"@type":"Person","@id":"https:\/\/primorcosmetics.com\/#\/schema\/person\/97d9e28c65f7acc02a7e1e8e3bc81933","name":"Bence Sebok","image":{"@type":"ImageObject","inLanguage":"hu","@id":"https:\/\/primorcosmetics.com\/#\/schema\/person\/image\/","url":"https:\/\/secure.gravatar.com\/avatar\/4f1dbec0b65546668157fffeaad19d4e584a786de17230f1a08bf61f3e4745a0?s=96&d=mm&r=g","contentUrl":"https:\/\/secure.gravatar.com\/avatar\/4f1dbec0b65546668157fffeaad19d4e584a786de17230f1a08bf61f3e4745a0?s=96&d=mm&r=g","caption":"Bence Sebok"},"url":"https:\/\/primorcosmetics.com\/hu\/author\/bence-sebok\/"}]}},"_links":{"self":[{"href":"https:\/\/primorcosmetics.com\/hu\/wp-json\/wp\/v2\/posts\/4277","targetHints":{"allow":["GET"]}}],"collection":[{"href":"https:\/\/primorcosmetics.com\/hu\/wp-json\/wp\/v2\/posts"}],"about":[{"href":"https:\/\/primorcosmetics.com\/hu\/wp-json\/wp\/v2\/types\/post"}],"author":[{"embeddable":true,"href":"https:\/\/primorcosmetics.com\/hu\/wp-json\/wp\/v2\/users\/10"}],"replies":[{"embeddable":true,"href":"https:\/\/primorcosmetics.com\/hu\/wp-json\/wp\/v2\/comments?post=4277"}],"version-history":[{"count":2,"href":"https:\/\/primorcosmetics.com\/hu\/wp-json\/wp\/v2\/posts\/4277\/revisions"}],"predecessor-version":[{"id":4283,"href":"https:\/\/primorcosmetics.com\/hu\/wp-json\/wp\/v2\/posts\/4277\/revisions\/4283"}],"wp:featuredmedia":[{"embeddable":true,"href":"https:\/\/primorcosmetics.com\/hu\/wp-json\/wp\/v2\/media\/2736"}],"wp:attachment":[{"href":"https:\/\/primorcosmetics.com\/hu\/wp-json\/wp\/v2\/media?parent=4277"}],"wp:term":[{"taxonomy":"category","embeddable":true,"href":"https:\/\/primorcosmetics.com\/hu\/wp-json\/wp\/v2\/categories?post=4277"},{"taxonomy":"post_tag","embeddable":true,"href":"https:\/\/primorcosmetics.com\/hu\/wp-json\/wp\/v2\/tags?post=4277"}],"curies":[{"name":"wp","href":"https:\/\/api.w.org\/{rel}","templated":true}]}}